{"id":3208,"date":"2022-07-26T12:17:21","date_gmt":"2022-07-26T10:17:21","guid":{"rendered":"https:\/\/energystoragesolutions.com\/?p=3208"},"modified":"2022-07-26T12:17:25","modified_gmt":"2022-07-26T10:17:25","slug":"e22-mayores-proyectos-almacenamiento-europa","status":"publish","type":"post","link":"https:\/\/energystoragesolutions.com\/es\/e22-mayores-proyectos-almacenamiento-europa\/","title":{"rendered":"E22 construye uno de los mayores proyectos de almacenamiento de Europa"},"content":{"rendered":"\n<p>Energy Storage Solutions (E22) lidera uno de los proyectos de almacenamiento energ\u00e9tico m\u00e1s importantes de Europa, un sistema de 100 MWh de capacidad que contribuir\u00e1 a <strong>regular la red el\u00e9ctrica en Balen (B\u00e9lgica)<\/strong>. La divisi\u00f3n de almacenamiento energ\u00e9tico de Gransolar asume la construcci\u00f3n, suministro, instalaci\u00f3n, puesta en marcha y mantenimiento por un periodo de 10 a\u00f1os de esta instalaci\u00f3n, con la que afianza su puesta por el mercado europeo despu\u00e9s de desarrollar proyectos de bater\u00edas en pa\u00edses como Australia, Estados Unidos o Espa\u00f1a.<\/p>\n\n\n\n<p>La compa\u00f1\u00eda es responsable del EPC de los sistemas de bater\u00edas (BESS) de ion-litio LFP de 15MW\/60MWh y 10MW\/40MWh que son propiedad y est\u00e1n desarrollados por la plataforma de inversi\u00f3n y desarrollo en energ\u00eda y renovables <strong>Nala Renewables<\/strong>, una <em>joint venture<\/em> formada por Trafigura, empresa matriz de Nyrstar, e IFM Investors. Los sistemas de bater\u00edas (BESS) estar\u00e1n ubicados y conectados a la red de 15 kV situada en la fundici\u00f3n de Balen de Nyrstar.<\/p>\n\n\n\n<p>El proyecto, cuya funci\u00f3n principal ser\u00e1 participar en los mercados de regulaci\u00f3n de la red el\u00e9ctrica, est\u00e1 en estos momentos en la fase de instalaci\u00f3n y se prev\u00e9 su puesta en marcha para finales de 2022. Cuando se conecte, Balen ser\u00e1 uno de los mayores proyectos de almacenamiento energ\u00e9tico de Europa.<\/p>\n\n\n\n<p><strong>Importancia del almacenamiento en Europa<\/strong><\/p>\n\n\n\n<p>Los pa\u00edses de la Uni\u00f3n Europea est\u00e1n en proceso de impulsar las renovables como energ\u00edas del futuro y son conscientes de que esta transici\u00f3n necesita completarse con un paso m\u00e1s: el almacenamiento energ\u00e9tico. Prueba de ello es <strong>el importante respaldo que ha recibido este proyecto por parte de las autoridades locales<\/strong> desde el comienzo. Sin ir m\u00e1s lejos, el acto de inicio de las obras del proyecto de almacenamiento estuvo presidido el pasado 10 de marzo por los ministros del Gobierno de Flandes Hilde Crevits y Zuhal Demir.<\/p>\n\n\n\n<p>Este proyecto llega en un momento esencial para el futuro de la energ\u00eda en Europa, en pleno debate por la dependencia energ\u00e9tica y la importancia de invertir en sistemas de almacenamiento. Un momento en el que comienzan a proliferar los grandes proyectos, hibridados sobre todo con renovables. \u201cLas empresas especialistas en almacenamiento est\u00e1n dise\u00f1ando proyectos cada vez m\u00e1s ambiciosos que ayuden a corregir los desequilibrios de la red, a regular los precios de la luz y, sobre todo, a imponer el liderazgo de la energ\u00eda verde. En este proceso, el almacenamiento de energ\u00eda va a tener un papel cada vez m\u00e1s importante\u201d, asegura <strong>Jaime Vega, director general de E22<\/strong>.<\/p>\n\n\n\n<p>\u201cE22 aporta su exitoso track-record, su conocimiento y su experiencia al sistema de bater\u00edas (BESS) de Nala Renewables, que contribuir\u00e1 a proporcionar una mayor estabilidad a la red el\u00e9ctrica belga al ayudar a equilibrar el suministro de energ\u00eda renovable con la demanda energ\u00e9tica\u201d, asegura <strong>Jasandra Nyker, CEO de Nala Renewables<\/strong>.<\/p>\n","protected":false},"excerpt":{"rendered":"<p>Energy Storage Solutions (E22) lidera uno de los proyectos de [&hellip;]<\/p>\n","protected":false},"author":12,"featured_media":3210,"comment_status":"closed","ping_status":"open","sticky":false,"template":"","format":"standard","meta":{"_exactmetrics_skip_tracking":false,"_exactmetrics_sitenote_active":false,"_exactmetrics_sitenote_note":"","_exactmetrics_sitenote_category":0},"categories":[168],"tags":[39,67,38,65,128,68],"yoast_head":"<!-- This site is optimized with the Yoast SEO plugin v19.2 - https:\/\/yoast.com\/wordpress\/plugins\/seo\/ -->\n<title>E22 lidera uno de los mayores proyectos de almacenamiento en Europa<\/title>\n<meta name=\"description\" content=\"E22 construye en B\u00e9lgica el que ser\u00e1, a su finalizaci\u00f3n, uno de los mayores proyectos de almacenamiento energ\u00e9tico en Europa.\" \/>\n<meta name=\"robots\" content=\"index, follow, max-snippet:-1, max-image-preview:large, max-video-preview:-1\" \/>\n<link rel=\"canonical\" href=\"https:\/\/energystoragesolutions.com\/es\/e22-mayores-proyectos-almacenamiento-europa\/\" \/>\n<meta property=\"og:locale\" content=\"es_ES\" \/>\n<meta property=\"og:type\" content=\"article\" \/>\n<meta property=\"og:title\" content=\"E22 lidera uno de los mayores proyectos de almacenamiento en Europa\" \/>\n<meta property=\"og:description\" content=\"E22 construye en B\u00e9lgica el que ser\u00e1, a su finalizaci\u00f3n, uno de los mayores proyectos de almacenamiento energ\u00e9tico en Europa.\" \/>\n<meta property=\"og:url\" content=\"https:\/\/energystoragesolutions.com\/es\/e22-mayores-proyectos-almacenamiento-europa\/\" \/>\n<meta property=\"og:site_name\" content=\"E22 Energy Storage Solutions\" \/>\n<meta property=\"article:published_time\" content=\"2022-07-26T10:17:21+00:00\" \/>\n<meta property=\"article:modified_time\" content=\"2022-07-26T10:17:25+00:00\" \/>\n<meta property=\"og:image\" content=\"https:\/\/energystoragesolutions.com\/wp-content\/uploads\/2022\/07\/balen_blog.jpg\" \/>\n\t<meta property=\"og:image:width\" content=\"1627\" \/>\n\t<meta property=\"og:image:height\" content=\"915\" \/>\n\t<meta property=\"og:image:type\" content=\"image\/jpeg\" \/>\n<meta name=\"author\" content=\"Press\" \/>\n<meta name=\"twitter:card\" content=\"summary_large_image\" \/>\n<meta name=\"twitter:label1\" content=\"Escrito por\" \/>\n\t<meta name=\"twitter:data1\" content=\"Press\" \/>\n\t<meta name=\"twitter:label2\" content=\"Tiempo de lectura\" \/>\n\t<meta name=\"twitter:data2\" content=\"3 minutos\" \/>\n<script type=\"application\/ld+json\" class=\"yoast-schema-graph\">{\"@context\":\"https:\/\/schema.org\",\"@graph\":[{\"@type\":\"Organization\",\"@id\":\"https:\/\/energystoragesolutions.com\/#organization\",\"name\":\"E22 Energy Storage Solutions\",\"url\":\"https:\/\/energystoragesolutions.com\/\",\"sameAs\":[\"https:\/\/www.linkedin.com\/company\/energy-storage-solutions\/\"],\"logo\":{\"@type\":\"ImageObject\",\"inLanguage\":\"es\",\"@id\":\"https:\/\/energystoragesolutions.com\/#\/schema\/logo\/image\/\",\"url\":\"https:\/\/energystoragesolutions.com\/wp-content\/uploads\/2018\/10\/E22-energy-storage-logo.png\",\"contentUrl\":\"https:\/\/energystoragesolutions.com\/wp-content\/uploads\/2018\/10\/E22-energy-storage-logo.png\",\"width\":200,\"height\":54,\"caption\":\"E22 Energy Storage Solutions\"},\"image\":{\"@id\":\"https:\/\/energystoragesolutions.com\/#\/schema\/logo\/image\/\"}},{\"@type\":\"WebSite\",\"@id\":\"https:\/\/energystoragesolutions.com\/#website\",\"url\":\"https:\/\/energystoragesolutions.com\/\",\"name\":\"E22 Energy Storage Solutions\",\"description\":\"BESS, Vanadium Redox Batteries and EPC of Energy Storage\",\"publisher\":{\"@id\":\"https:\/\/energystoragesolutions.com\/#organization\"},\"potentialAction\":[{\"@type\":\"SearchAction\",\"target\":{\"@type\":\"EntryPoint\",\"urlTemplate\":\"https:\/\/energystoragesolutions.com\/?s={search_term_string}\"},\"query-input\":\"required name=search_term_string\"}],\"inLanguage\":\"es\"},{\"@type\":\"ImageObject\",\"inLanguage\":\"es\",\"@id\":\"https:\/\/energystoragesolutions.com\/es\/e22-mayores-proyectos-almacenamiento-europa\/#primaryimage\",\"url\":\"https:\/\/energystoragesolutions.com\/wp-content\/uploads\/2022\/07\/balen_blog.jpg\",\"contentUrl\":\"https:\/\/energystoragesolutions.com\/wp-content\/uploads\/2022\/07\/balen_blog.jpg\",\"width\":1627,\"height\":915,\"caption\":\"As\u00ed ser\u00e1 uno de los mayores proyectos de almacenamiento de Europa\"},{\"@type\":\"WebPage\",\"@id\":\"https:\/\/energystoragesolutions.com\/es\/e22-mayores-proyectos-almacenamiento-europa\/#webpage\",\"url\":\"https:\/\/energystoragesolutions.com\/es\/e22-mayores-proyectos-almacenamiento-europa\/\",\"name\":\"E22 lidera uno de los mayores proyectos de almacenamiento en Europa\",\"isPartOf\":{\"@id\":\"https:\/\/energystoragesolutions.com\/#website\"},\"primaryImageOfPage\":{\"@id\":\"https:\/\/energystoragesolutions.com\/es\/e22-mayores-proyectos-almacenamiento-europa\/#primaryimage\"},\"datePublished\":\"2022-07-26T10:17:21+00:00\",\"dateModified\":\"2022-07-26T10:17:25+00:00\",\"description\":\"E22 construye en B\u00e9lgica el que ser\u00e1, a su finalizaci\u00f3n, uno de los mayores proyectos de almacenamiento energ\u00e9tico en Europa.\",\"breadcrumb\":{\"@id\":\"https:\/\/energystoragesolutions.com\/es\/e22-mayores-proyectos-almacenamiento-europa\/#breadcrumb\"},\"inLanguage\":\"es\",\"potentialAction\":[{\"@type\":\"ReadAction\",\"target\":[\"https:\/\/energystoragesolutions.com\/es\/e22-mayores-proyectos-almacenamiento-europa\/\"]}]},{\"@type\":\"BreadcrumbList\",\"@id\":\"https:\/\/energystoragesolutions.com\/es\/e22-mayores-proyectos-almacenamiento-europa\/#breadcrumb\",\"itemListElement\":[{\"@type\":\"ListItem\",\"position\":1,\"name\":\"Portada\",\"item\":\"https:\/\/energystoragesolutions.com\/es\/\"},{\"@type\":\"ListItem\",\"position\":2,\"name\":\"E22 construye uno de los mayores proyectos de almacenamiento de Europa\"}]},{\"@type\":\"Article\",\"@id\":\"https:\/\/energystoragesolutions.com\/es\/e22-mayores-proyectos-almacenamiento-europa\/#article\",\"isPartOf\":{\"@id\":\"https:\/\/energystoragesolutions.com\/es\/e22-mayores-proyectos-almacenamiento-europa\/#webpage\"},\"author\":{\"name\":\"Press\",\"@id\":\"https:\/\/energystoragesolutions.com\/#\/schema\/person\/20fddd9679c5b71f82977e6f4d75e838\"},\"headline\":\"E22 construye uno de los mayores proyectos de almacenamiento de Europa\",\"datePublished\":\"2022-07-26T10:17:21+00:00\",\"dateModified\":\"2022-07-26T10:17:25+00:00\",\"mainEntityOfPage\":{\"@id\":\"https:\/\/energystoragesolutions.com\/es\/e22-mayores-proyectos-almacenamiento-europa\/#webpage\"},\"wordCount\":515,\"publisher\":{\"@id\":\"https:\/\/energystoragesolutions.com\/#organization\"},\"image\":{\"@id\":\"https:\/\/energystoragesolutions.com\/es\/e22-mayores-proyectos-almacenamiento-europa\/#primaryimage\"},\"thumbnailUrl\":\"https:\/\/energystoragesolutions.com\/wp-content\/uploads\/2022\/07\/balen_blog.jpg\",\"keywords\":[\"Almacenamiento energ\u00e9tico\",\"Bater\u00eda\",\"Baterias\",\"E22\",\"Sistema de almacenamiento energ\u00eda\",\"Sistemas de almacenamiento\"],\"articleSection\":[\"Business\"],\"inLanguage\":\"es\"},{\"@type\":\"Person\",\"@id\":\"https:\/\/energystoragesolutions.com\/#\/schema\/person\/20fddd9679c5b71f82977e6f4d75e838\",\"name\":\"Press\",\"image\":{\"@type\":\"ImageObject\",\"inLanguage\":\"es\",\"@id\":\"https:\/\/energystoragesolutions.com\/#\/schema\/person\/image\/\",\"url\":\"https:\/\/secure.gravatar.com\/avatar\/125bd9e9204835d2b30dca3c05fdda6c?s=96&d=mm&r=g\",\"contentUrl\":\"https:\/\/secure.gravatar.com\/avatar\/125bd9e9204835d2b30dca3c05fdda6c?s=96&d=mm&r=g\",\"caption\":\"Press\"},\"sameAs\":[\"https:\/\/energystoragesolutions.com\/\"],\"url\":\"https:\/\/energystoragesolutions.com\/es\/author\/marta\/\"}]}<\/script>\n<!-- \/ Yoast SEO plugin. -->","yoast_head_json":{"title":"E22 lidera uno de los mayores proyectos de almacenamiento en Europa","description":"E22 construye en B\u00e9lgica el que ser\u00e1, a su finalizaci\u00f3n, uno de los mayores proyectos de almacenamiento energ\u00e9tico en Europa.","robots":{"index":"index","follow":"follow","max-snippet":"max-snippet:-1","max-image-preview":"max-image-preview:large","max-video-preview":"max-video-preview:-1"},"canonical":"https:\/\/energystoragesolutions.com\/es\/e22-mayores-proyectos-almacenamiento-europa\/","og_locale":"es_ES","og_type":"article","og_title":"E22 lidera uno de los mayores proyectos de almacenamiento en Europa","og_description":"E22 construye en B\u00e9lgica el que ser\u00e1, a su finalizaci\u00f3n, uno de los mayores proyectos de almacenamiento energ\u00e9tico en Europa.","og_url":"https:\/\/energystoragesolutions.com\/es\/e22-mayores-proyectos-almacenamiento-europa\/","og_site_name":"E22 Energy Storage Solutions","article_published_time":"2022-07-26T10:17:21+00:00","article_modified_time":"2022-07-26T10:17:25+00:00","og_image":[{"width":1627,"height":915,"url":"https:\/\/energystoragesolutions.com\/wp-content\/uploads\/2022\/07\/balen_blog.jpg","type":"image\/jpeg"}],"author":"Press","twitter_card":"summary_large_image","twitter_misc":{"Escrito por":"Press","Tiempo de lectura":"3 minutos"},"schema":{"@context":"https:\/\/schema.org","@graph":[{"@type":"Organization","@id":"https:\/\/energystoragesolutions.com\/#organization","name":"E22 Energy Storage Solutions","url":"https:\/\/energystoragesolutions.com\/","sameAs":["https:\/\/www.linkedin.com\/company\/energy-storage-solutions\/"],"logo":{"@type":"ImageObject","inLanguage":"es","@id":"https:\/\/energystoragesolutions.com\/#\/schema\/logo\/image\/","url":"https:\/\/energystoragesolutions.com\/wp-content\/uploads\/2018\/10\/E22-energy-storage-logo.png","contentUrl":"https:\/\/energystoragesolutions.com\/wp-content\/uploads\/2018\/10\/E22-energy-storage-logo.png","width":200,"height":54,"caption":"E22 Energy Storage Solutions"},"image":{"@id":"https:\/\/energystoragesolutions.com\/#\/schema\/logo\/image\/"}},{"@type":"WebSite","@id":"https:\/\/energystoragesolutions.com\/#website","url":"https:\/\/energystoragesolutions.com\/","name":"E22 Energy Storage Solutions","description":"BESS, Vanadium Redox Batteries and EPC of Energy Storage","publisher":{"@id":"https:\/\/energystoragesolutions.com\/#organization"},"potentialAction":[{"@type":"SearchAction","target":{"@type":"EntryPoint","urlTemplate":"https:\/\/energystoragesolutions.com\/?s={search_term_string}"},"query-input":"required name=search_term_string"}],"inLanguage":"es"},{"@type":"ImageObject","inLanguage":"es","@id":"https:\/\/energystoragesolutions.com\/es\/e22-mayores-proyectos-almacenamiento-europa\/#primaryimage","url":"https:\/\/energystoragesolutions.com\/wp-content\/uploads\/2022\/07\/balen_blog.jpg","contentUrl":"https:\/\/energystoragesolutions.com\/wp-content\/uploads\/2022\/07\/balen_blog.jpg","width":1627,"height":915,"caption":"As\u00ed ser\u00e1 uno de los mayores proyectos de almacenamiento de Europa"},{"@type":"WebPage","@id":"https:\/\/energystoragesolutions.com\/es\/e22-mayores-proyectos-almacenamiento-europa\/#webpage","url":"https:\/\/energystoragesolutions.com\/es\/e22-mayores-proyectos-almacenamiento-europa\/","name":"E22 lidera uno de los mayores proyectos de almacenamiento en Europa","isPartOf":{"@id":"https:\/\/energystoragesolutions.com\/#website"},"primaryImageOfPage":{"@id":"https:\/\/energystoragesolutions.com\/es\/e22-mayores-proyectos-almacenamiento-europa\/#primaryimage"},"datePublished":"2022-07-26T10:17:21+00:00","dateModified":"2022-07-26T10:17:25+00:00","description":"E22 construye en B\u00e9lgica el que ser\u00e1, a su finalizaci\u00f3n, uno de los mayores proyectos de almacenamiento energ\u00e9tico en Europa.","breadcrumb":{"@id":"https:\/\/energystoragesolutions.com\/es\/e22-mayores-proyectos-almacenamiento-europa\/#breadcrumb"},"inLanguage":"es","potentialAction":[{"@type":"ReadAction","target":["https:\/\/energystoragesolutions.com\/es\/e22-mayores-proyectos-almacenamiento-europa\/"]}]},{"@type":"BreadcrumbList","@id":"https:\/\/energystoragesolutions.com\/es\/e22-mayores-proyectos-almacenamiento-europa\/#breadcrumb","itemListElement":[{"@type":"ListItem","position":1,"name":"Portada","item":"https:\/\/energystoragesolutions.com\/es\/"},{"@type":"ListItem","position":2,"name":"E22 construye uno de los mayores proyectos de almacenamiento de Europa"}]},{"@type":"Article","@id":"https:\/\/energystoragesolutions.com\/es\/e22-mayores-proyectos-almacenamiento-europa\/#article","isPartOf":{"@id":"https:\/\/energystoragesolutions.com\/es\/e22-mayores-proyectos-almacenamiento-europa\/#webpage"},"author":{"name":"Press","@id":"https:\/\/energystoragesolutions.com\/#\/schema\/person\/20fddd9679c5b71f82977e6f4d75e838"},"headline":"E22 construye uno de los mayores proyectos de almacenamiento de Europa","datePublished":"2022-07-26T10:17:21+00:00","dateModified":"2022-07-26T10:17:25+00:00","mainEntityOfPage":{"@id":"https:\/\/energystoragesolutions.com\/es\/e22-mayores-proyectos-almacenamiento-europa\/#webpage"},"wordCount":515,"publisher":{"@id":"https:\/\/energystoragesolutions.com\/#organization"},"image":{"@id":"https:\/\/energystoragesolutions.com\/es\/e22-mayores-proyectos-almacenamiento-europa\/#primaryimage"},"thumbnailUrl":"https:\/\/energystoragesolutions.com\/wp-content\/uploads\/2022\/07\/balen_blog.jpg","keywords":["Almacenamiento energ\u00e9tico","Bater\u00eda","Baterias","E22","Sistema de almacenamiento energ\u00eda","Sistemas de almacenamiento"],"articleSection":["Business"],"inLanguage":"es"},{"@type":"Person","@id":"https:\/\/energystoragesolutions.com\/#\/schema\/person\/20fddd9679c5b71f82977e6f4d75e838","name":"Press","image":{"@type":"ImageObject","inLanguage":"es","@id":"https:\/\/energystoragesolutions.com\/#\/schema\/person\/image\/","url":"https:\/\/secure.gravatar.com\/avatar\/125bd9e9204835d2b30dca3c05fdda6c?s=96&d=mm&r=g","contentUrl":"https:\/\/secure.gravatar.com\/avatar\/125bd9e9204835d2b30dca3c05fdda6c?s=96&d=mm&r=g","caption":"Press"},"sameAs":["https:\/\/energystoragesolutions.com\/"],"url":"https:\/\/energystoragesolutions.com\/es\/author\/marta\/"}]}},"_links":{"self":[{"href":"https:\/\/energystoragesolutions.com\/es\/wp-json\/wp\/v2\/posts\/3208"}],"collection":[{"href":"https:\/\/energystoragesolutions.com\/es\/wp-json\/wp\/v2\/posts"}],"about":[{"href":"https:\/\/energystoragesolutions.com\/es\/wp-json\/wp\/v2\/types\/post"}],"author":[{"embeddable":true,"href":"https:\/\/energystoragesolutions.com\/es\/wp-json\/wp\/v2\/users\/12"}],"replies":[{"embeddable":true,"href":"https:\/\/energystoragesolutions.com\/es\/wp-json\/wp\/v2\/comments?post=3208"}],"version-history":[{"count":1,"href":"https:\/\/energystoragesolutions.com\/es\/wp-json\/wp\/v2\/posts\/3208\/revisions"}],"predecessor-version":[{"id":3209,"href":"https:\/\/energystoragesolutions.com\/es\/wp-json\/wp\/v2\/posts\/3208\/revisions\/3209"}],"wp:featuredmedia":[{"embeddable":true,"href":"https:\/\/energystoragesolutions.com\/es\/wp-json\/wp\/v2\/media\/3210"}],"wp:attachment":[{"href":"https:\/\/energystoragesolutions.com\/es\/wp-json\/wp\/v2\/media?parent=3208"}],"wp:term":[{"taxonomy":"category","embeddable":true,"href":"https:\/\/energystoragesolutions.com\/es\/wp-json\/wp\/v2\/categories?post=3208"},{"taxonomy":"post_tag","embeddable":true,"href":"https:\/\/energystoragesolutions.com\/es\/wp-json\/wp\/v2\/tags?post=3208"}],"curies":[{"name":"wp","href":"https:\/\/api.w.org\/{rel}","templated":true}]}}